{"success":true,"total_count":13,"filtered_count":13,"data":[{"id":16,"root_project_id":0,"shortname":"AFA","fullname":"Atlas Flora Alpina","description":null,"terms":null,"website":"https:\/\/www.altasfloraalpina.org","last_modified_when":"2023-03-05T15:53:34+01:00"},{"id":9,"root_project_id":75567,"shortname":"ATLASVS","fullname":"Projet Atlas flore valaisanne","description":"Participants \u00e0 l\u0027Atlas du Valais","terms":null,"website":"http:\/\/www.floravs.ch\/","last_modified_when":"2023-02-27T13:44:49+01:00"},{"id":11,"root_project_id":0,"shortname":"BRYOPHYTES","fullname":"SwissBryophytes","description":"Le centre de donn\u00e9es et d\u2019informations national sur les bryophytes de Suisse g\u00e8re la base de donn\u00e9es nationale contenant les indications de r\u00e9partition, de menace et les priorit\u00e9s de conservation des esp\u00e8ces de bryophytes indig\u00e8nes.","terms":null,"website":"https:\/\/www.swissbryophytes.ch\/index.php\/fr\/","last_modified_when":"2020-08-20T16:11:04+02:00"},{"id":4,"root_project_id":68725,"shortname":"CVB","fullname":"Projet Atlas flore vaudoise","description":"Gr\u00e2ce \u00e0 sa diversit\u00e9 g\u00e9ographique et climatique, le Canton de Vaud poss\u00e8de une flore particuli\u00e8rement riche : elle compte pr\u00e8s de 2\u0027000 esp\u00e8ces, dont plusieurs sont rares, voire uniques en Suisse. Cette flore est toutefois largement m\u00e9connue, par manque d\u2019un ouvrage de r\u00e9f\u00e9rence r\u00e9cent, complet et accessible. Le dernier en date est le Catalogue de la flore vaudoise de Durand et Pittier de 1882. Apr\u00e8s 130 ans, cette lacune est en passe d\u2019\u00eatre enfin combl\u00e9e : le Cercle vaudois de botanique a lanc\u00e9 en 2013 un projet d\u2019Atlas de la flore vaudoise, qui doit aboutir \u00e0 une publication illustr\u00e9e en 2020.","terms":null,"website":"http:\/\/www.atlasflorevd.ch\/","last_modified_when":"2023-02-27T13:44:49+01:00"},{"id":2,"root_project_id":20,"shortname":"FILAGO","fullname":"Groupe d\u0027\u00e9tude floristique du Jura et du Jura bernois","description":"filago.ch est une plate-forme dont le but est de faciliter l\u0027\u00e9change de toute connaissance sur la flore du canton du Jura et de la r\u00e9gion du Jura bernois","terms":null,"website":"http:\/\/www.filago.ch","last_modified_when":"2019-03-02T14:27:00+01:00"},{"id":3,"root_project_id":60000,"shortname":"FLIB","fullname":"Floreninventar Bern FLIB","description":"Ein citizen science Projekt von Stadtgr\u00fcn Bern, der Bernischen Botanischen Gesellschaft und zahlreichen ehrenamtlichen Kartiererinnen und Kartierern","terms":null,"website":"http:\/\/www.florastadtbern.ch\/","last_modified_when":"2021-01-31T13:19:16+01:00"},{"id":15,"root_project_id":0,"shortname":"FLORAETICA","fullname":"Flora Raetica","description":"Projet participatif de cartographie de la flore du canton des Grisons","terms":null,"website":"https:\/\/florae.ch\/projekt\/","last_modified_when":"2022-11-10T17:22:21+01:00"},{"id":10,"root_project_id":0,"shortname":"FLORJURANA","fullname":"Projet international d\u0027atlas du massif du Jura.","description":null,"terms":null,"website":"https:\/\/www.florajurana.net","last_modified_when":"2018-05-01T13:15:00+02:00"},{"id":1,"root_project_id":40000,"shortname":"FLOZ","fullname":"Flora des Kantons Z\u00fcrich","description":null,"terms":null,"website":"http:\/\/www.floz.zbg.ch\/","last_modified_when":"2018-05-01T13:15:00+02:00"},{"id":0,"root_project_id":0,"shortname":"INFOFLORA","fullname":"Info Flora","description":"Info Flora ist eine gemeinn\u00fctzige, privatrechtliche Stiftung zur Dokumentation und F\u00f6rderung der Wildpflanzen in der Schweiz \/ Info Flora est une fondation priv\u00e9e \u00e0 but non lucratif active dans le1domaine de l\u0027information et la promotion des plantes sauvages en Suisse \/ Info Flora \u00e8 una fondazione privata a scopo non lucrativo, attiva nell\u0027ambito dell\u0027informazione e della promozione delle piante selvatiche in Svizzera","terms":null,"website":"https:\/\/www.infoflora.ch","last_modified_when":"2018-11-11T11:54:08+01:00"}]}